{"id":3093,"date":"2025-11-25T11:09:42","date_gmt":"2025-11-25T17:09:42","guid":{"rendered":"https:\/\/ambmanagua.esteri.it\/news\/dall_ambasciata\/2025\/11\/giornata-internazionale-per-leliminazione-della-violenza-contro-le-donne\/"},"modified":"2025-11-25T11:16:36","modified_gmt":"2025-11-25T17:16:36","slug":"giornata-internazionale-per-leliminazione-della-violenza-contro-le-donne","status":"publish","type":"post","link":"https:\/\/ambmanagua.esteri.it\/es\/news\/dall_ambasciata\/2025\/11\/giornata-internazionale-per-leliminazione-della-violenza-contro-le-donne\/","title":{"rendered":"D\u00eda de la Eliminaci\u00f3n de la Violencia contra la Mujer"},"content":{"rendered":"<p style=\"text-align: justify;\">En ocasi\u00f3n del D\u00eda de la Eliminaci\u00f3n de la Violencia contra la Mujer, el Ministro de Asuntos Exteriores y de la Cooperaci\u00f3n Internacional, Antonio Tajani, reafirma el constante esfuerzo de Italia y del Ministerio para prevenir y contrastar cualquier forma de violencia y discriminaci\u00f3n contra las mujeres, en Italia y en el mundo.<\/p>\n<p style=\"text-align: justify;\">\u201cLa violencia contra las mujeres en una violaci\u00f3n intolerable de los derechos humanos, as\u00ed como un obst\u00e1culo al desarrollo de nuestras sociedades. Italia debe ser en primera l\u00ednea para promover la igualdad de g\u00e9nero, la emancipaci\u00f3n femenina y la defensa de las personas m\u00e1s vulnerables. Hay que construir un futuro en que ninguna mujer tenga que temer por su libertad o su vida. Es una responsabilidad de las instituciones, de la sociedad y de cada uno de nosotros.\u201d Declar\u00f3 el Ministro.<\/p>\n<p style=\"text-align: justify;\">La eliminaci\u00f3n de la violencia contra la mujer es un pilar de la pol\u00edtica estera y de la cooperaci\u00f3n al desarrollo italianas, apoyando campa\u00f1as internacionales contra costumbres perjudiciales como las mutilaciones genitales femeninas y los matrimonios tempranos y forzados, adem\u00e1s de contribuir activamente en los trabajos de la Comisi\u00f3n de la Condici\u00f3n Jur\u00eddica y Social de la Mujer. El contraste a toda forma de violencia contra mujeres y ni\u00f1as es una de las prioridades de Italia en el papel de miembro del Consejo de los Derechos Humanos de las Naciones Unidas para el trienio 2026-2028.<\/p>\n<p style=\"text-align: justify;\">Este a\u00f1o tambi\u00e9n, el Ministerio y las Sedes en el exterior adhieren a la campa\u00f1a global \u201cOrange the World\u201d promovida por UN Women, a trav\u00e9s de la iluminaci\u00f3n de la fachada de la Farnesina y con la participaci\u00f3n a iniciativas de sensibilizaci\u00f3n para la sociedad civil y los j\u00f3venes.<\/p>\n<p style=\"text-align: justify;\">Adem\u00e1s, La Farnesina y la red diplom\u00e1tico-consular italiana siguen apoyando a la iniciativa \u201cBancos rojos\u201d, s\u00edmbolo universal de la lucha contra el feminicidio y clara advertencia contra todas formas de violencias.<\/p>\n<p style=\"text-align: justify;\">Sigue tambi\u00e9n la promoci\u00f3n de programas educativos que incluyen formaci\u00f3n al contraste a la violencia, como por ejemplo el programa de becas, dedicado a la memoria de Giulia Cecchettin \u201cInvest your talent in Italy\u201d.<\/p>\n<p style=\"text-align: justify;\">En fin, en el marco de la Agenda \u201cMujeres, paz y seguridad\u201d, Italia impulsa iniciativas para favorecer la participaci\u00f3n de las mujeres en procesos de prevenci\u00f3n de los conflictos, mediaci\u00f3n y construcci\u00f3n de la paz, a trav\u00e9s del Plan de Acci\u00f3n Nacional y de la la Rete delle Donne Mediatrici del Mediterraneo (Red de Mujeres Mediadoras del Mediterr\u00e1neo), impulsada por nuestro Pa\u00eds.<\/p>\n","protected":false},"excerpt":{"rendered":"En ocasi\u00f3n del D\u00eda de la Eliminaci\u00f3n de la Violencia contra la Mujer, el Ministro de Asuntos Exteriores y de la Cooperaci\u00f3n Internacional, Antonio Tajani, reafirma el constante esfuerzo de Italia y del Ministerio para prevenir y contrastar cualquier forma de violencia y discriminaci\u00f3n contra las mujeres, en Italia y en el mundo. \u201cLa violencia [&hellip;]","protected":false},"author":5,"featured_media":3099,"comment_status":"closed","ping_status":"closed","sticky":false,"template":"","format":"standard","meta":{"footnotes":""},"tags":[],"class_list":["post-3093","post","type-post","status-publish","format-standard","has-post-thumbnail","hentry"],"_links":{"self":[{"href":"https:\/\/ambmanagua.esteri.it\/es\/wp-json\/wp\/v2\/posts\/3093","targetHints":{"allow":["GET"]}}],"collection":[{"href":"https:\/\/ambmanagua.esteri.it\/es\/wp-json\/wp\/v2\/posts"}],"about":[{"href":"https:\/\/ambmanagua.esteri.it\/es\/wp-json\/wp\/v2\/types\/post"}],"author":[{"embeddable":true,"href":"https:\/\/ambmanagua.esteri.it\/es\/wp-json\/wp\/v2\/users\/5"}],"replies":[{"embeddable":true,"href":"https:\/\/ambmanagua.esteri.it\/es\/wp-json\/wp\/v2\/comments?post=3093"}],"version-history":[{"count":1,"href":"https:\/\/ambmanagua.esteri.it\/es\/wp-json\/wp\/v2\/posts\/3093\/revisions"}],"predecessor-version":[{"id":3095,"href":"https:\/\/ambmanagua.esteri.it\/es\/wp-json\/wp\/v2\/posts\/3093\/revisions\/3095"}],"wp:featuredmedia":[{"embeddable":true,"href":"https:\/\/ambmanagua.esteri.it\/es\/wp-json\/wp\/v2\/media\/3099"}],"wp:attachment":[{"href":"https:\/\/ambmanagua.esteri.it\/es\/wp-json\/wp\/v2\/media?parent=3093"}],"wp:term":[{"taxonomy":"post_tag","embeddable":true,"href":"https:\/\/ambmanagua.esteri.it\/es\/wp-json\/wp\/v2\/tags?post=3093"}],"curies":[{"name":"wp","href":"https:\/\/api.w.org\/{rel}","templated":true}]}}