{"id":1088,"date":"2021-10-27T18:58:22","date_gmt":"2021-10-28T00:58:22","guid":{"rendered":"https:\/\/ambmanagua.esteri.it\/news\/dall_ambasciata\/2021\/10\/la-cinemateca-nic-en-coordinacion\/"},"modified":"2021-10-27T18:58:22","modified_gmt":"2021-10-28T00:58:22","slug":"la-cinemateca-nic-en-coordinacion","status":"publish","type":"post","link":"https:\/\/ambmanagua.esteri.it\/it\/news\/dall_ambasciata\/2021\/10\/la-cinemateca-nic-en-coordinacion\/","title":{"rendered":"La  Cinemateca Nic  en coordinaci\u00f3n con la embajada de Italia ofrecen una importante selecci\u00f3n del Cine Italiano"},"content":{"rendered":"<p>\u00a0<\/p>\n<blockquote class=\"twitter-tweet\">\n<p lang=\"es\" dir=\"ltr\">La <a href=\"https:\/\/twitter.com\/CinematecaNic?ref_src=twsrc%5Etfw\">@CinematecaNic<\/a> en coordinaci\u00f3n con la embajada de <a href=\"https:\/\/twitter.com\/ItalyinNICA?ref_src=twsrc%5Etfw\">@ItalyinNICA<\/a> ofrecen una importante selecci\u00f3n del Cine Italiano, que puedes disfrutar los \u00faltimos jueves de cada mes. ?<br \/>?Fecha: 28 Octubre 2021<br \/>\u23f0Hora: 6:00 p.m.??<br \/>?Lugar: Sala Cinemateca Nacional<br \/>\u00a1Ah\u00ed nos vemos! ? <a href=\"https:\/\/t.co\/WmFy4MAXSA\">pic.twitter.com\/WmFy4MAXSA<\/a><\/p>\n<p>\u2014 Cinemateca Nacional (@CinematecaNic) <a href=\"https:\/\/twitter.com\/CinematecaNic\/status\/1450947062330179584?ref_src=twsrc%5Etfw\">October 20, 2021<\/a><\/p><\/blockquote>\n<p><script charset=\"utf-8\" type=\"text\/javascript\" src=\"https:\/\/platform.twitter.com\/widgets.js\" async=\"\"><\/script><\/p>\n","protected":false},"excerpt":{"rendered":"\u00a0 La @CinematecaNic en coordinaci\u00f3n con la embajada de @ItalyinNICA ofrecen una importante selecci\u00f3n del Cine Italiano, que puedes disfrutar los \u00faltimos jueves de cada mes. ??Fecha: 28 Octubre 2021\u23f0Hora: 6:00 p.m.???Lugar: Sala Cinemateca Nacional\u00a1Ah\u00ed nos vemos! ? pic.twitter.com\/WmFy4MAXSA \u2014 Cinemateca Nacional (@CinematecaNic) October 20, 2021","protected":false},"author":1,"featured_media":0,"comment_status":"","ping_status":"","sticky":false,"template":"","format":"standard","meta":{"footnotes":""},"tags":[],"class_list":["post-1088","post","type-post","status-publish","format-standard","hentry"],"_links":{"self":[{"href":"https:\/\/ambmanagua.esteri.it\/it\/wp-json\/wp\/v2\/posts\/1088","targetHints":{"allow":["GET"]}}],"collection":[{"href":"https:\/\/ambmanagua.esteri.it\/it\/wp-json\/wp\/v2\/posts"}],"about":[{"href":"https:\/\/ambmanagua.esteri.it\/it\/wp-json\/wp\/v2\/types\/post"}],"author":[{"embeddable":true,"href":"https:\/\/ambmanagua.esteri.it\/it\/wp-json\/wp\/v2\/users\/1"}],"replies":[{"embeddable":true,"href":"https:\/\/ambmanagua.esteri.it\/it\/wp-json\/wp\/v2\/comments?post=1088"}],"version-history":[{"count":0,"href":"https:\/\/ambmanagua.esteri.it\/it\/wp-json\/wp\/v2\/posts\/1088\/revisions"}],"wp:attachment":[{"href":"https:\/\/ambmanagua.esteri.it\/it\/wp-json\/wp\/v2\/media?parent=1088"}],"wp:term":[{"taxonomy":"post_tag","embeddable":true,"href":"https:\/\/ambmanagua.esteri.it\/it\/wp-json\/wp\/v2\/tags?post=1088"}],"curies":[{"name":"wp","href":"https:\/\/api.w.org\/{rel}","templated":true}]}}