{"id":1107,"date":"2021-09-22T19:58:08","date_gmt":"2021-09-23T01:58:08","guid":{"rendered":"https:\/\/ambmanagua.esteri.it\/news\/dall_ambasciata\/2021\/09\/damos-la-bienvenida-a-la-nueva\/"},"modified":"2021-09-22T19:58:08","modified_gmt":"2021-09-23T01:58:08","slug":"damos-la-bienvenida-a-la-nueva","status":"publish","type":"post","link":"https:\/\/ambmanagua.esteri.it\/it\/news\/dall_ambasciata\/2021\/09\/damos-la-bienvenida-a-la-nueva\/","title":{"rendered":"Embajadora de la UE en Nicaragua, Bettina Muscheidt,  entrega copias de estilo"},"content":{"rendered":"<blockquote class=\"twitter-tweet\">\n<p lang=\"es\" dir=\"ltr\">Embajadora de la UE en Nicaragua, Bettina Muscheidt, entrega copias de estilo: \u201cSeguir\u00e9 promoviendo los valores e intereses de la UE y apoyando a los nicarag\u00fcenses m\u00e1s afectados por la pandemia, el cambio clim\u00e1tico y otros desaf\u00edos&#8221;. <a href=\"https:\/\/t.co\/0SFkBFZyjg\">https:\/\/t.co\/0SFkBFZyjg<\/a> <a href=\"https:\/\/t.co\/QWD88Uovq3\">pic.twitter.com\/QWD88Uovq3<\/a><\/p>\n<p>\u2014 UE en Nicaragua (@UEenNicaragua) <a href=\"https:\/\/twitter.com\/UEenNicaragua\/status\/1440726426194366464?ref_src=twsrc%5Etfw\">September 22, 2021<\/a><\/p><\/blockquote>\n<p><script charset=\"utf-8\" type=\"text\/javascript\" src=\"https:\/\/platform.twitter.com\/widgets.js\" async=\"\"><\/script><\/p>\n","protected":false},"excerpt":{"rendered":"Embajadora de la UE en Nicaragua, Bettina Muscheidt, entrega copias de estilo: \u201cSeguir\u00e9 promoviendo los valores e intereses de la UE y apoyando a los nicarag\u00fcenses m\u00e1s afectados por la pandemia, el cambio clim\u00e1tico y otros desaf\u00edos&#8221;. https:\/\/t.co\/0SFkBFZyjg pic.twitter.com\/QWD88Uovq3 \u2014 UE en Nicaragua (@UEenNicaragua) September 22, 2021","protected":false},"author":1,"featured_media":0,"comment_status":"","ping_status":"","sticky":false,"template":"","format":"standard","meta":{"footnotes":""},"tags":[],"class_list":["post-1107","post","type-post","status-publish","format-standard","hentry"],"_links":{"self":[{"href":"https:\/\/ambmanagua.esteri.it\/it\/wp-json\/wp\/v2\/posts\/1107","targetHints":{"allow":["GET"]}}],"collection":[{"href":"https:\/\/ambmanagua.esteri.it\/it\/wp-json\/wp\/v2\/posts"}],"about":[{"href":"https:\/\/ambmanagua.esteri.it\/it\/wp-json\/wp\/v2\/types\/post"}],"author":[{"embeddable":true,"href":"https:\/\/ambmanagua.esteri.it\/it\/wp-json\/wp\/v2\/users\/1"}],"replies":[{"embeddable":true,"href":"https:\/\/ambmanagua.esteri.it\/it\/wp-json\/wp\/v2\/comments?post=1107"}],"version-history":[{"count":0,"href":"https:\/\/ambmanagua.esteri.it\/it\/wp-json\/wp\/v2\/posts\/1107\/revisions"}],"wp:attachment":[{"href":"https:\/\/ambmanagua.esteri.it\/it\/wp-json\/wp\/v2\/media?parent=1107"}],"wp:term":[{"taxonomy":"post_tag","embeddable":true,"href":"https:\/\/ambmanagua.esteri.it\/it\/wp-json\/wp\/v2\/tags?post=1107"}],"curies":[{"name":"wp","href":"https:\/\/api.w.org\/{rel}","templated":true}]}}