{"id":1132,"date":"2021-09-22T18:41:57","date_gmt":"2021-09-23T00:41:57","guid":{"rendered":"https:\/\/ambmanagua.esteri.it\/news\/dall_ambasciata\/2021\/09\/giovedi-26-agosto-nuovo-appuntamento\/"},"modified":"2021-09-22T18:41:57","modified_gmt":"2021-09-23T00:41:57","slug":"giovedi-26-agosto-nuovo-appuntamento","status":"publish","type":"post","link":"https:\/\/ambmanagua.esteri.it\/it\/news\/dall_ambasciata\/2021\/09\/giovedi-26-agosto-nuovo-appuntamento\/","title":{"rendered":"Gioved\u00ec 26 agosto, nuovo appuntamento con il cinema italiano alla Cinemateca Nacional"},"content":{"rendered":"<p>Vi aspettiamo alle 18.00 per la proiezione del film \u201cla felicit\u00e0 \u00e8 un sistema complesso\u201d e per l\u2019aperitivo<\/p>\n<p>\u00a0<\/p>\n<blockquote class=\"twitter-tweet\">\n<p lang=\"es\" dir=\"ltr\">La Cinemateca Nacional en coordinaci\u00f3n con la embajada de <a href=\"https:\/\/twitter.com\/hashtag\/Italia?src=hash&#038;ref_src=twsrc%5Etfw\">#Italia<\/a> en <a href=\"https:\/\/twitter.com\/hashtag\/Nicaragua?src=hash&#038;ref_src=twsrc%5Etfw\">#Nicaragua<\/a>, estar\u00e1n presentando una importante selecci\u00f3n del Cine Italiano. ?<a href=\"https:\/\/t.co\/iGzi2kOcL3\">https:\/\/t.co\/iGzi2kOcL3<\/a><br \/>?Fecha: 24 de junio <br \/>\u23f0Hora: 6:00 p.m<br \/>?Lugar: Sala Cinemateca Nacional, contiguo al palacio de la cultura. <a href=\"https:\/\/t.co\/6G3gsz20tQ\">pic.twitter.com\/6G3gsz20tQ<\/a><\/p>\n<p>\u2014 Cinemateca Nacional (@CinematecaNic) <a href=\"https:\/\/twitter.com\/CinematecaNic\/status\/1405549150440132609?ref_src=twsrc%5Etfw\">June 17, 2021<\/a><\/p><\/blockquote>\n<p> <script async src=\"https:\/\/platform.twitter.com\/widgets.js\" charset=\"utf-8\"><\/script><\/p>\n","protected":false},"excerpt":{"rendered":"Vi aspettiamo alle 18.00 per la proiezione del film \u201cla felicit\u00e0 \u00e8 un sistema complesso\u201d e per l\u2019aperitivo \u00a0 La Cinemateca Nacional en coordinaci\u00f3n con la embajada de #Italia en #Nicaragua, estar\u00e1n presentando una importante selecci\u00f3n del Cine Italiano. ?https:\/\/t.co\/iGzi2kOcL3?Fecha: 24 de junio \u23f0Hora: 6:00 p.m?Lugar: Sala Cinemateca Nacional, contiguo al palacio de la cultura. [&hellip;]","protected":false},"author":1,"featured_media":0,"comment_status":"","ping_status":"","sticky":false,"template":"","format":"standard","meta":{"footnotes":""},"tags":[],"class_list":["post-1132","post","type-post","status-publish","format-standard","hentry"],"_links":{"self":[{"href":"https:\/\/ambmanagua.esteri.it\/it\/wp-json\/wp\/v2\/posts\/1132","targetHints":{"allow":["GET"]}}],"collection":[{"href":"https:\/\/ambmanagua.esteri.it\/it\/wp-json\/wp\/v2\/posts"}],"about":[{"href":"https:\/\/ambmanagua.esteri.it\/it\/wp-json\/wp\/v2\/types\/post"}],"author":[{"embeddable":true,"href":"https:\/\/ambmanagua.esteri.it\/it\/wp-json\/wp\/v2\/users\/1"}],"replies":[{"embeddable":true,"href":"https:\/\/ambmanagua.esteri.it\/it\/wp-json\/wp\/v2\/comments?post=1132"}],"version-history":[{"count":0,"href":"https:\/\/ambmanagua.esteri.it\/it\/wp-json\/wp\/v2\/posts\/1132\/revisions"}],"wp:attachment":[{"href":"https:\/\/ambmanagua.esteri.it\/it\/wp-json\/wp\/v2\/media?parent=1132"}],"wp:term":[{"taxonomy":"post_tag","embeddable":true,"href":"https:\/\/ambmanagua.esteri.it\/it\/wp-json\/wp\/v2\/tags?post=1132"}],"curies":[{"name":"wp","href":"https:\/\/api.w.org\/{rel}","templated":true}]}}