{"id":1148,"date":"2021-08-09T19:52:22","date_gmt":"2021-08-10T01:52:22","guid":{"rendered":"https:\/\/ambmanagua.esteri.it\/news\/dall_ambasciata\/2021\/08\/se-han-actualizado-las-medidas\/"},"modified":"2021-08-09T19:52:22","modified_gmt":"2021-08-10T01:52:22","slug":"se-han-actualizado-las-medidas","status":"publish","type":"post","link":"https:\/\/ambmanagua.esteri.it\/it\/news\/dall_ambasciata\/2021\/08\/se-han-actualizado-las-medidas\/","title":{"rendered":"Se han actualizado las medidas que regulan la entrada en Bandera de Italia de terceros pa\u00edses, aplicables a partir del 31 de julio de 2021"},"content":{"rendered":"<p>COVID19 | C\u00edrculo rojo Ordinanza Min. Salute<\/p>\n<p>Meg\u00e1fono Sono state aggiornate le misure che regolano l\u2019ingresso in Bandera de Italia da Paesi terzi, applicabili dal 31 luglio 2021<\/p>\n<p>Consulta tutte le novit\u00e0 nella sezione dedicata del sito web della Farnesina Dorso de la mano con el dedo \u00edndice se\u00f1alando hacia abajo<\/p>\n<p>\u00a0<\/p>\n<p><a href=\"https:\/\/www.esteri.it\/mae\/it\/ministero\/normativaonline\/decreto-iorestoacasa-domande-frequenti\/focus-cittadini-italiani-in-rientro-dall-estero-e-cittadini-stranieri-in-italia.html\" target=\"_blank\" rel=\"noopener\">Farnesina<\/a><\/p>\n","protected":false},"excerpt":{"rendered":"COVID19 | C\u00edrculo rojo Ordinanza Min. Salute Meg\u00e1fono Sono state aggiornate le misure che regolano l\u2019ingresso in Bandera de Italia da Paesi terzi, applicabili dal 31 luglio 2021 Consulta tutte le novit\u00e0 nella sezione dedicata del sito web della Farnesina Dorso de la mano con el dedo \u00edndice se\u00f1alando hacia abajo \u00a0 Farnesina","protected":false},"author":1,"featured_media":0,"comment_status":"","ping_status":"","sticky":false,"template":"","format":"standard","meta":{"footnotes":""},"tags":[],"class_list":["post-1148","post","type-post","status-publish","format-standard","hentry"],"_links":{"self":[{"href":"https:\/\/ambmanagua.esteri.it\/it\/wp-json\/wp\/v2\/posts\/1148","targetHints":{"allow":["GET"]}}],"collection":[{"href":"https:\/\/ambmanagua.esteri.it\/it\/wp-json\/wp\/v2\/posts"}],"about":[{"href":"https:\/\/ambmanagua.esteri.it\/it\/wp-json\/wp\/v2\/types\/post"}],"author":[{"embeddable":true,"href":"https:\/\/ambmanagua.esteri.it\/it\/wp-json\/wp\/v2\/users\/1"}],"replies":[{"embeddable":true,"href":"https:\/\/ambmanagua.esteri.it\/it\/wp-json\/wp\/v2\/comments?post=1148"}],"version-history":[{"count":0,"href":"https:\/\/ambmanagua.esteri.it\/it\/wp-json\/wp\/v2\/posts\/1148\/revisions"}],"wp:attachment":[{"href":"https:\/\/ambmanagua.esteri.it\/it\/wp-json\/wp\/v2\/media?parent=1148"}],"wp:term":[{"taxonomy":"post_tag","embeddable":true,"href":"https:\/\/ambmanagua.esteri.it\/it\/wp-json\/wp\/v2\/tags?post=1148"}],"curies":[{"name":"wp","href":"https:\/\/api.w.org\/{rel}","templated":true}]}}