{"id":1151,"date":"2021-08-09T19:41:59","date_gmt":"2021-08-10T01:41:59","guid":{"rendered":"https:\/\/ambmanagua.esteri.it\/news\/dall_ambasciata\/2021\/08\/jueves-29-de-julio-segunda-cita\/"},"modified":"2021-08-09T19:41:59","modified_gmt":"2021-08-10T01:41:59","slug":"jueves-29-de-julio-segunda-cita","status":"publish","type":"post","link":"https:\/\/ambmanagua.esteri.it\/it\/news\/dall_ambasciata\/2021\/08\/jueves-29-de-julio-segunda-cita\/","title":{"rendered":"Gioved\u00ec 29 luglio, secondo appuntamento con il cinema italiano alla Cinemateca Nazionale"},"content":{"rendered":"<p>Gioved\u00ec 29 luglio, secondo appuntamento con il cinema italiano alla Cinemateca Nazionale. Il film di Martone \u201cNoi Credevamo\u201d, sul Risorgimento italiano, seguito da un aperitivo. Vi aspettiamo!<\/p>\n<p>\u00a0<\/p>\n<blockquote class=\"twitter-tweet\">\n<p lang=\"es\" dir=\"ltr\">?\u00a1Recuerda! La Cinemateca Nacional en coordinaci\u00f3n con la embajada de <a href=\"https:\/\/twitter.com\/hashtag\/Italia?src=hash&#038;ref_src=twsrc%5Etfw\">#Italia<\/a> en <a href=\"https:\/\/twitter.com\/hashtag\/Nicaragua?src=hash&#038;ref_src=twsrc%5Etfw\">#Nicaragua<\/a>, ofrecen una importante selecci\u00f3n del Cine Italiano, que puedes disfrutar los \u00faltimos jueves de cada mes. ?<br \/>?Fecha: 29 de julio <br \/>\u23f0Hora: 6:00 p.m.??<br \/>?Lugar: Sala Cinemateca Nacional <a href=\"https:\/\/t.co\/9dgy7oKIem\">pic.twitter.com\/9dgy7oKIem<\/a><\/p>\n<p>\u2014 Cinemateca Nacional (@CinematecaNic) <a href=\"https:\/\/twitter.com\/CinematecaNic\/status\/1418737701138812929?ref_src=twsrc%5Etfw\">July 24, 2021<\/a><\/p><\/blockquote>\n<p><script charset=\"utf-8\" src=\"https:\/\/platform.twitter.com\/widgets.js\" async=\"\" type=\"text\/javascript\"><\/script><\/p>\n<p>\u00a0<\/p>\n","protected":false},"excerpt":{"rendered":"Gioved\u00ec 29 luglio, secondo appuntamento con il cinema italiano alla Cinemateca Nazionale. Il film di Martone \u201cNoi Credevamo\u201d, sul Risorgimento italiano, seguito da un aperitivo. Vi aspettiamo! \u00a0 ?\u00a1Recuerda! La Cinemateca Nacional en coordinaci\u00f3n con la embajada de #Italia en #Nicaragua, ofrecen una importante selecci\u00f3n del Cine Italiano, que puedes disfrutar los \u00faltimos jueves de [&hellip;]","protected":false},"author":1,"featured_media":0,"comment_status":"","ping_status":"","sticky":false,"template":"","format":"standard","meta":{"footnotes":""},"tags":[],"class_list":["post-1151","post","type-post","status-publish","format-standard","hentry"],"_links":{"self":[{"href":"https:\/\/ambmanagua.esteri.it\/it\/wp-json\/wp\/v2\/posts\/1151","targetHints":{"allow":["GET"]}}],"collection":[{"href":"https:\/\/ambmanagua.esteri.it\/it\/wp-json\/wp\/v2\/posts"}],"about":[{"href":"https:\/\/ambmanagua.esteri.it\/it\/wp-json\/wp\/v2\/types\/post"}],"author":[{"embeddable":true,"href":"https:\/\/ambmanagua.esteri.it\/it\/wp-json\/wp\/v2\/users\/1"}],"replies":[{"embeddable":true,"href":"https:\/\/ambmanagua.esteri.it\/it\/wp-json\/wp\/v2\/comments?post=1151"}],"version-history":[{"count":0,"href":"https:\/\/ambmanagua.esteri.it\/it\/wp-json\/wp\/v2\/posts\/1151\/revisions"}],"wp:attachment":[{"href":"https:\/\/ambmanagua.esteri.it\/it\/wp-json\/wp\/v2\/media?parent=1151"}],"wp:term":[{"taxonomy":"post_tag","embeddable":true,"href":"https:\/\/ambmanagua.esteri.it\/it\/wp-json\/wp\/v2\/tags?post=1151"}],"curies":[{"name":"wp","href":"https:\/\/api.w.org\/{rel}","templated":true}]}}