{"id":1174,"date":"2021-07-13T17:59:01","date_gmt":"2021-07-13T23:59:01","guid":{"rendered":"https:\/\/ambmanagua.esteri.it\/news\/dall_ambasciata\/2021\/07\/nunzio-apostolico-a-managua-se\/"},"modified":"2021-07-13T17:59:01","modified_gmt":"2021-07-13T23:59:01","slug":"nunzio-apostolico-a-managua-se","status":"publish","type":"post","link":"https:\/\/ambmanagua.esteri.it\/it\/news\/dall_ambasciata\/2021\/07\/nunzio-apostolico-a-managua-se\/","title":{"rendered":"Nunzio Apostolico a Managua SE Waldemar Stanis\u0142aw Sommertag ed il Segretario della Nunziatura a visitare i Quinchos"},"content":{"rendered":"<p>\u00c8 stato un grande piacere accompagnare oggi il Nunzio Apostolico a Managua SE Waldemar Stanis\u0142aw Sommertag ed il Segretario della Nunziatura a visitare i Quinchos, il progetto italiano di cui siamo pi\u00f9 orgogliosi. Consegnato un contributo della comunit\u00e0 diplomatica in Nicaragua.<\/p>\n<p>\u00a0<\/p>\n<p><img loading=\"lazy\" decoding=\"async\" style=\"width: 666px; height: 467px; margin-right: auto; margin-left: auto; display: block;\" src=\"resource\/img\/2021\/07\/nuncio1.jpg\" alt=\"nuncio1\" width=\"819\" height=\"547\" \/><\/p>\n<p><img loading=\"lazy\" decoding=\"async\" style=\"width: 666px; height: 435px; margin-right: auto; margin-left: auto; display: block;\" src=\"resource\/img\/2021\/07\/nuncio2.jpg\" alt=\"nuncio2\" width=\"819\" height=\"547\" \/><\/p>\n<p><img decoding=\"async\" style=\"margin-right: auto; margin-left: auto; display: block;\" src=\"resource\/img\/2021\/07\/nuncio3.jpg\" alt=\"nuncio3\" \/><\/p>\n","protected":false},"excerpt":{"rendered":"\u00c8 stato un grande piacere accompagnare oggi il Nunzio Apostolico a Managua SE Waldemar Stanis\u0142aw Sommertag ed il Segretario della Nunziatura a visitare i Quinchos, il progetto italiano di cui siamo pi\u00f9 orgogliosi. Consegnato un contributo della comunit\u00e0 diplomatica in Nicaragua. \u00a0","protected":false},"author":1,"featured_media":0,"comment_status":"","ping_status":"","sticky":false,"template":"","format":"standard","meta":{"footnotes":""},"tags":[],"class_list":["post-1174","post","type-post","status-publish","format-standard","hentry"],"_links":{"self":[{"href":"https:\/\/ambmanagua.esteri.it\/it\/wp-json\/wp\/v2\/posts\/1174","targetHints":{"allow":["GET"]}}],"collection":[{"href":"https:\/\/ambmanagua.esteri.it\/it\/wp-json\/wp\/v2\/posts"}],"about":[{"href":"https:\/\/ambmanagua.esteri.it\/it\/wp-json\/wp\/v2\/types\/post"}],"author":[{"embeddable":true,"href":"https:\/\/ambmanagua.esteri.it\/it\/wp-json\/wp\/v2\/users\/1"}],"replies":[{"embeddable":true,"href":"https:\/\/ambmanagua.esteri.it\/it\/wp-json\/wp\/v2\/comments?post=1174"}],"version-history":[{"count":0,"href":"https:\/\/ambmanagua.esteri.it\/it\/wp-json\/wp\/v2\/posts\/1174\/revisions"}],"wp:attachment":[{"href":"https:\/\/ambmanagua.esteri.it\/it\/wp-json\/wp\/v2\/media?parent=1174"}],"wp:term":[{"taxonomy":"post_tag","embeddable":true,"href":"https:\/\/ambmanagua.esteri.it\/it\/wp-json\/wp\/v2\/tags?post=1174"}],"curies":[{"name":"wp","href":"https:\/\/api.w.org\/{rel}","templated":true}]}}