{"id":1177,"date":"2021-06-03T18:44:26","date_gmt":"2021-06-04T00:44:26","guid":{"rendered":"https:\/\/ambmanagua.esteri.it\/news\/dall_ambasciata\/2021\/06\/en-el-dia-de-la-fiesta-de-la-republica\/"},"modified":"2021-06-03T18:44:26","modified_gmt":"2021-06-04T00:44:26","slug":"en-el-dia-de-la-fiesta-de-la-republica","status":"publish","type":"post","link":"https:\/\/ambmanagua.esteri.it\/it\/news\/dall_ambasciata\/2021\/06\/en-el-dia-de-la-fiesta-de-la-republica\/","title":{"rendered":"En el d\u00eda de la Fiesta de la Rep\u00fablica homenajeamos a nuestro Pa\u00eds"},"content":{"rendered":"<p>En el d\u00eda de la Fiesta de la Rep\u00fablica homenajeamos a nuestro Pa\u00eds con el v\u00eddeo realizado por<br \/>ItalyMFA para celebrar a la Italia \u201cque recomienza desde el futuro\u201d y con el himno nacional de Mameli interpretado por la Orquesta Cherubini dirigida por el MaestroMuti<br \/>https:\/\/twitter.com\/italymfa\/status\/1399984755899355137<\/p>\n","protected":false},"excerpt":{"rendered":"En el d\u00eda de la Fiesta de la Rep\u00fablica homenajeamos a nuestro Pa\u00eds con el v\u00eddeo realizado porItalyMFA para celebrar a la Italia \u201cque recomienza desde el futuro\u201d y con el himno nacional de Mameli interpretado por la Orquesta Cherubini dirigida por el MaestroMutihttps:\/\/twitter.com\/italymfa\/status\/1399984755899355137","protected":false},"author":1,"featured_media":0,"comment_status":"","ping_status":"","sticky":false,"template":"","format":"standard","meta":{"footnotes":""},"tags":[],"class_list":["post-1177","post","type-post","status-publish","format-standard","hentry"],"_links":{"self":[{"href":"https:\/\/ambmanagua.esteri.it\/it\/wp-json\/wp\/v2\/posts\/1177","targetHints":{"allow":["GET"]}}],"collection":[{"href":"https:\/\/ambmanagua.esteri.it\/it\/wp-json\/wp\/v2\/posts"}],"about":[{"href":"https:\/\/ambmanagua.esteri.it\/it\/wp-json\/wp\/v2\/types\/post"}],"author":[{"embeddable":true,"href":"https:\/\/ambmanagua.esteri.it\/it\/wp-json\/wp\/v2\/users\/1"}],"replies":[{"embeddable":true,"href":"https:\/\/ambmanagua.esteri.it\/it\/wp-json\/wp\/v2\/comments?post=1177"}],"version-history":[{"count":0,"href":"https:\/\/ambmanagua.esteri.it\/it\/wp-json\/wp\/v2\/posts\/1177\/revisions"}],"wp:attachment":[{"href":"https:\/\/ambmanagua.esteri.it\/it\/wp-json\/wp\/v2\/media?parent=1177"}],"wp:term":[{"taxonomy":"post_tag","embeddable":true,"href":"https:\/\/ambmanagua.esteri.it\/it\/wp-json\/wp\/v2\/tags?post=1177"}],"curies":[{"name":"wp","href":"https:\/\/api.w.org\/{rel}","templated":true}]}}