{"id":1194,"date":"2021-05-17T22:37:31","date_gmt":"2021-05-18T04:37:31","guid":{"rendered":"https:\/\/ambmanagua.esteri.it\/news\/dall_ambasciata\/2021\/05\/9maggio-europaday-las-palabras\/"},"modified":"2021-05-17T22:37:31","modified_gmt":"2021-05-18T04:37:31","slug":"9maggio-europaday-las-palabras","status":"publish","type":"post","link":"https:\/\/ambmanagua.esteri.it\/it\/news\/dall_ambasciata\/2021\/05\/9maggio-europaday-las-palabras\/","title":{"rendered":"9Maggio EuropaDay. Las palabras de la viceMinistra de  ItalyMFA"},"content":{"rendered":"<p>MarinaSereni<br \/>Me gustar\u00eda una Europa m\u00e1s integrada, que luche contra las desigualdades, que lidere la transici\u00f3n ecol\u00f3gica, que gestione la migraci\u00f3n en solidaridad, un actor de paz y seguridad en el mundo CoFoE<\/p>\n<p style=\"text-align: center;\"><img decoding=\"async\" src=\"resource\/img\/2021\/05\/viceministraeuropa1.jpg\" alt=\"viceministraeuropa1\" \/><\/p>\n<p style=\"text-align: center;\"><img loading=\"lazy\" decoding=\"async\" src=\"resource\/img\/2021\/05\/viceministraeuropa2.jpg\" alt=\"viceministraeuropa2\" width=\"713\" height=\"1131\" \/><\/p>\n<p style=\"text-align: center;\"><img loading=\"lazy\" decoding=\"async\" src=\"resource\/img\/2021\/05\/viceministraeuropa3.jpg\" alt=\"viceministraeuropa3\" width=\"645\" height=\"387\" \/><\/p>\n","protected":false},"excerpt":{"rendered":"MarinaSereniMe gustar\u00eda una Europa m\u00e1s integrada, que luche contra las desigualdades, que lidere la transici\u00f3n ecol\u00f3gica, que gestione la migraci\u00f3n en solidaridad, un actor de paz y seguridad en el mundo CoFoE","protected":false},"author":1,"featured_media":0,"comment_status":"","ping_status":"","sticky":false,"template":"","format":"standard","meta":{"footnotes":""},"tags":[],"class_list":["post-1194","post","type-post","status-publish","format-standard","hentry"],"_links":{"self":[{"href":"https:\/\/ambmanagua.esteri.it\/it\/wp-json\/wp\/v2\/posts\/1194","targetHints":{"allow":["GET"]}}],"collection":[{"href":"https:\/\/ambmanagua.esteri.it\/it\/wp-json\/wp\/v2\/posts"}],"about":[{"href":"https:\/\/ambmanagua.esteri.it\/it\/wp-json\/wp\/v2\/types\/post"}],"author":[{"embeddable":true,"href":"https:\/\/ambmanagua.esteri.it\/it\/wp-json\/wp\/v2\/users\/1"}],"replies":[{"embeddable":true,"href":"https:\/\/ambmanagua.esteri.it\/it\/wp-json\/wp\/v2\/comments?post=1194"}],"version-history":[{"count":0,"href":"https:\/\/ambmanagua.esteri.it\/it\/wp-json\/wp\/v2\/posts\/1194\/revisions"}],"wp:attachment":[{"href":"https:\/\/ambmanagua.esteri.it\/it\/wp-json\/wp\/v2\/media?parent=1194"}],"wp:term":[{"taxonomy":"post_tag","embeddable":true,"href":"https:\/\/ambmanagua.esteri.it\/it\/wp-json\/wp\/v2\/tags?post=1194"}],"curies":[{"name":"wp","href":"https:\/\/api.w.org\/{rel}","templated":true}]}}