{"id":1197,"date":"2021-05-17T22:28:21","date_gmt":"2021-05-18T04:28:21","guid":{"rendered":"https:\/\/ambmanagua.esteri.it\/news\/dall_ambasciata\/2021\/05\/ieri-ci-siamo-riuniti-con-gli-italiani\/"},"modified":"2021-05-17T22:28:21","modified_gmt":"2021-05-18T04:28:21","slug":"ieri-ci-siamo-riuniti-con-gli-italiani","status":"publish","type":"post","link":"https:\/\/ambmanagua.esteri.it\/it\/news\/dall_ambasciata\/2021\/05\/ieri-ci-siamo-riuniti-con-gli-italiani\/","title":{"rendered":"Ieri ci siamo riuniti con gli italiani residenti a Granada"},"content":{"rendered":"<p>Una comunit\u00e0 straordinaria, che vive in una citt\u00e0 bellissima. Grazie al Ristorante Monna Lisa per la sua ospitalit\u00e0. Proseguono gli incontri con gli italiani in tutte le citt\u00e0 del Nicaragua. Prossimo appuntamento: Le\u00f3n.<\/p>\n<p><img loading=\"lazy\" decoding=\"async\" style=\"display: block; margin-left: auto; margin-right: auto;\" src=\"resource\/img\/2021\/05\/italianoengranada.jpg\" alt=\"italianoengranada\" width=\"704\" height=\"394\" \/><\/p>\n<p><img loading=\"lazy\" decoding=\"async\" style=\"display: block; margin-left: auto; margin-right: auto;\" src=\"resource\/img\/2021\/05\/italianoengranada1.jpg\" alt=\"italianoengranada1\" width=\"706\" height=\"282\" \/><\/p>\n<p>\u00a0<\/p>\n","protected":false},"excerpt":{"rendered":"Una comunit\u00e0 straordinaria, che vive in una citt\u00e0 bellissima. Grazie al Ristorante Monna Lisa per la sua ospitalit\u00e0. Proseguono gli incontri con gli italiani in tutte le citt\u00e0 del Nicaragua. Prossimo appuntamento: Le\u00f3n. \u00a0","protected":false},"author":1,"featured_media":0,"comment_status":"","ping_status":"","sticky":false,"template":"","format":"standard","meta":{"footnotes":""},"tags":[],"class_list":["post-1197","post","type-post","status-publish","format-standard","hentry"],"_links":{"self":[{"href":"https:\/\/ambmanagua.esteri.it\/it\/wp-json\/wp\/v2\/posts\/1197","targetHints":{"allow":["GET"]}}],"collection":[{"href":"https:\/\/ambmanagua.esteri.it\/it\/wp-json\/wp\/v2\/posts"}],"about":[{"href":"https:\/\/ambmanagua.esteri.it\/it\/wp-json\/wp\/v2\/types\/post"}],"author":[{"embeddable":true,"href":"https:\/\/ambmanagua.esteri.it\/it\/wp-json\/wp\/v2\/users\/1"}],"replies":[{"embeddable":true,"href":"https:\/\/ambmanagua.esteri.it\/it\/wp-json\/wp\/v2\/comments?post=1197"}],"version-history":[{"count":0,"href":"https:\/\/ambmanagua.esteri.it\/it\/wp-json\/wp\/v2\/posts\/1197\/revisions"}],"wp:attachment":[{"href":"https:\/\/ambmanagua.esteri.it\/it\/wp-json\/wp\/v2\/media?parent=1197"}],"wp:term":[{"taxonomy":"post_tag","embeddable":true,"href":"https:\/\/ambmanagua.esteri.it\/it\/wp-json\/wp\/v2\/tags?post=1197"}],"curies":[{"name":"wp","href":"https:\/\/api.w.org\/{rel}","templated":true}]}}