{"id":1200,"date":"2021-05-17T22:17:13","date_gmt":"2021-05-18T04:17:13","guid":{"rendered":"https:\/\/ambmanagua.esteri.it\/news\/dall_ambasciata\/2021\/05\/mario-draghi-las-vacunas-son-un\/"},"modified":"2021-05-17T22:17:13","modified_gmt":"2021-05-18T04:17:13","slug":"mario-draghi-las-vacunas-son-un","status":"publish","type":"post","link":"https:\/\/ambmanagua.esteri.it\/it\/news\/dall_ambasciata\/2021\/05\/mario-draghi-las-vacunas-son-un\/","title":{"rendered":"Mario Draghi: &#8220;Las vacunas son un bien com\u00fan mundial"},"content":{"rendered":"<p>Es una prioridad aumentar su producci\u00f3n, garantizar su seguridad y romper los obst\u00e1culos que limitan las campa\u00f1as de vacunaci\u00f3n&#8221; 6 de mayo<\/p>\n<blockquote class=\"twitter-tweet\">\n<p lang=\"it\" dir=\"ltr\">Draghi: &#8220;I <a href=\"https:\/\/twitter.com\/hashtag\/vaccini?src=hash&#038;ref_src=twsrc%5Etfw\">#vaccini<\/a> sono un bene comune globale. \u00c8 prioritario aumentare la loro produzione, garantendone la sicurezza, e abbattere gli ostacoli che limitano le campagne vaccinali&#8221; <a href=\"https:\/\/twitter.com\/hashtag\/6maggio?src=hash&#038;ref_src=twsrc%5Etfw\">#6maggio<\/a><\/p>\n<p>\u2014 Palazzo_Chigi (@Palazzo_Chigi) <a href=\"https:\/\/twitter.com\/Palazzo_Chigi\/status\/1390319902083461121?ref_src=twsrc%5Etfw\">May 6, 2021<\/a><\/p><\/blockquote>\n<p><script charset=\"utf-8\" type=\"text\/javascript\" src=\"https:\/\/platform.twitter.com\/widgets.js\" async=\"\"><\/script><\/p>\n","protected":false},"excerpt":{"rendered":"Es una prioridad aumentar su producci\u00f3n, garantizar su seguridad y romper los obst\u00e1culos que limitan las campa\u00f1as de vacunaci\u00f3n&#8221; 6 de mayo Draghi: &#8220;I #vaccini sono un bene comune globale. \u00c8 prioritario aumentare la loro produzione, garantendone la sicurezza, e abbattere gli ostacoli che limitano le campagne vaccinali&#8221; #6maggio \u2014 Palazzo_Chigi (@Palazzo_Chigi) May 6, 2021","protected":false},"author":1,"featured_media":0,"comment_status":"","ping_status":"","sticky":false,"template":"","format":"standard","meta":{"footnotes":""},"tags":[],"class_list":["post-1200","post","type-post","status-publish","format-standard","hentry"],"_links":{"self":[{"href":"https:\/\/ambmanagua.esteri.it\/it\/wp-json\/wp\/v2\/posts\/1200","targetHints":{"allow":["GET"]}}],"collection":[{"href":"https:\/\/ambmanagua.esteri.it\/it\/wp-json\/wp\/v2\/posts"}],"about":[{"href":"https:\/\/ambmanagua.esteri.it\/it\/wp-json\/wp\/v2\/types\/post"}],"author":[{"embeddable":true,"href":"https:\/\/ambmanagua.esteri.it\/it\/wp-json\/wp\/v2\/users\/1"}],"replies":[{"embeddable":true,"href":"https:\/\/ambmanagua.esteri.it\/it\/wp-json\/wp\/v2\/comments?post=1200"}],"version-history":[{"count":0,"href":"https:\/\/ambmanagua.esteri.it\/it\/wp-json\/wp\/v2\/posts\/1200\/revisions"}],"wp:attachment":[{"href":"https:\/\/ambmanagua.esteri.it\/it\/wp-json\/wp\/v2\/media?parent=1200"}],"wp:term":[{"taxonomy":"post_tag","embeddable":true,"href":"https:\/\/ambmanagua.esteri.it\/it\/wp-json\/wp\/v2\/tags?post=1200"}],"curies":[{"name":"wp","href":"https:\/\/api.w.org\/{rel}","templated":true}]}}