{"id":1244,"date":"2021-03-23T01:16:27","date_gmt":"2021-03-23T07:16:27","guid":{"rendered":"https:\/\/ambmanagua.esteri.it\/news\/dall_ambasciata\/2021\/03\/8marzo2021-dedicado-a-todas-las\/"},"modified":"2021-03-23T01:16:27","modified_gmt":"2021-03-23T07:16:27","slug":"8marzo2021-dedicado-a-todas-las","status":"publish","type":"post","link":"https:\/\/ambmanagua.esteri.it\/it\/news\/dall_ambasciata\/2021\/03\/8marzo2021-dedicado-a-todas-las\/","title":{"rendered":"8Marzo2021 dedicado a todas las mujeres que luchan por la igualdad"},"content":{"rendered":"<p>8Marzo2021 dedicado a todas las mujeres que luchan por la igualdad, por la educaci\u00f3n, por el trabajo, por derrotar la violencia de g\u00e9nero, por un desarrollo m\u00e1s inclusivo, para mujeres y hombres<\/p>\n<p>\u00a0<\/p>\n<p>\u00a0<\/p>\n<blockquote class=\"twitter-tweet\">\n<p lang=\"es\" dir=\"ltr\"><a href=\"https:\/\/twitter.com\/hashtag\/8Marzo2021?src=hash&#038;ref_src=twsrc%5Etfw\">#8Marzo2021<\/a> dedicado a todas las mujeres que luchan por la <a href=\"https:\/\/twitter.com\/hashtag\/igualdad?src=hash&#038;ref_src=twsrc%5Etfw\">#igualdad<\/a>, por la <a href=\"https:\/\/twitter.com\/hashtag\/educaci%C3%B3n?src=hash&#038;ref_src=twsrc%5Etfw\">#educaci\u00f3n<\/a>, por el <a href=\"https:\/\/twitter.com\/hashtag\/trabajo?src=hash&#038;ref_src=twsrc%5Etfw\">#trabajo<\/a>, por derrotar la <a href=\"https:\/\/twitter.com\/hashtag\/violencia?src=hash&#038;ref_src=twsrc%5Etfw\">#violencia<\/a> de g\u00e9nero, por un desarrollo m\u00e1s inclusivo, para <a href=\"https:\/\/twitter.com\/hashtag\/mujeres?src=hash&#038;ref_src=twsrc%5Etfw\">#mujeres<\/a> y <a href=\"https:\/\/twitter.com\/hashtag\/hombres?src=hash&#038;ref_src=twsrc%5Etfw\">#hombres<\/a> <a href=\"https:\/\/twitter.com\/hashtag\/D%C3%ADaInternacionaldelaMujer?src=hash&#038;ref_src=twsrc%5Etfw\">#D\u00edaInternacionaldelaMujer<\/a> <a href=\"https:\/\/twitter.com\/hashtag\/D%C3%ADaInternacionaldelaMujer?src=hash&#038;ref_src=twsrc%5Etfw\">#D\u00edaInternacionaldelaMujer<\/a> <a href=\"https:\/\/t.co\/sdVGA73mbz\">https:\/\/t.co\/sdVGA73mbz<\/a><\/p>\n<p>\u2014 Italy in Nicaragua (@ItalyinNICA) <a href=\"https:\/\/twitter.com\/ItalyinNICA\/status\/1368920450361921540?ref_src=twsrc%5Etfw\">March 8, 2021<\/a><\/p><\/blockquote>\n<p><script charset=\"utf-8\" type=\"text\/javascript\" src=\"https:\/\/platform.twitter.com\/widgets.js\" async=\"\"><\/script><\/p>\n<p>\u00a0<\/p>\n","protected":false},"excerpt":{"rendered":"8Marzo2021 dedicado a todas las mujeres que luchan por la igualdad, por la educaci\u00f3n, por el trabajo, por derrotar la violencia de g\u00e9nero, por un desarrollo m\u00e1s inclusivo, para mujeres y hombres \u00a0 \u00a0 #8Marzo2021 dedicado a todas las mujeres que luchan por la #igualdad, por la #educaci\u00f3n, por el #trabajo, por derrotar la #violencia [&hellip;]","protected":false},"author":1,"featured_media":0,"comment_status":"","ping_status":"","sticky":false,"template":"","format":"standard","meta":{"footnotes":""},"tags":[],"class_list":["post-1244","post","type-post","status-publish","format-standard","hentry"],"_links":{"self":[{"href":"https:\/\/ambmanagua.esteri.it\/it\/wp-json\/wp\/v2\/posts\/1244","targetHints":{"allow":["GET"]}}],"collection":[{"href":"https:\/\/ambmanagua.esteri.it\/it\/wp-json\/wp\/v2\/posts"}],"about":[{"href":"https:\/\/ambmanagua.esteri.it\/it\/wp-json\/wp\/v2\/types\/post"}],"author":[{"embeddable":true,"href":"https:\/\/ambmanagua.esteri.it\/it\/wp-json\/wp\/v2\/users\/1"}],"replies":[{"embeddable":true,"href":"https:\/\/ambmanagua.esteri.it\/it\/wp-json\/wp\/v2\/comments?post=1244"}],"version-history":[{"count":0,"href":"https:\/\/ambmanagua.esteri.it\/it\/wp-json\/wp\/v2\/posts\/1244\/revisions"}],"wp:attachment":[{"href":"https:\/\/ambmanagua.esteri.it\/it\/wp-json\/wp\/v2\/media?parent=1244"}],"wp:term":[{"taxonomy":"post_tag","embeddable":true,"href":"https:\/\/ambmanagua.esteri.it\/it\/wp-json\/wp\/v2\/tags?post=1244"}],"curies":[{"name":"wp","href":"https:\/\/api.w.org\/{rel}","templated":true}]}}