{"id":1302,"date":"2021-02-19T17:31:18","date_gmt":"2021-02-19T23:31:18","guid":{"rendered":"https:\/\/ambmanagua.esteri.it\/news\/dall_ambasciata\/2021\/02\/iila-2020-ha-sido-un-ano-dificil\/"},"modified":"2021-02-19T17:31:18","modified_gmt":"2021-02-19T23:31:18","slug":"iila-2020-ha-sido-un-ano-dificil","status":"publish","type":"post","link":"https:\/\/ambmanagua.esteri.it\/it\/news\/dall_ambasciata\/2021\/02\/iila-2020-ha-sido-un-ano-dificil\/","title":{"rendered":"IILA 2020 ha sido un a\u00f1o dif\u00edcil, la SG"},"content":{"rendered":"<p>2020 ha sido un a\u00f1o dif\u00edcil, la SG IILA Antonella Cavallari quiso recordarlo con una breve rese\u00f1a de lo que hicimos.<br \/>Mirando con confianza a los nuevos desaf\u00edos, el equipo de IILA les desea FelicesFiestasEUROsociAL_ELPAcCTO Eurofront_UE<\/p>\n<p><a href=\"https:\/\/twitter.com\/iila_org\/status\/1341728619782135816?s=20\">https:\/\/twitter.com\/iila_org\/status\/1341728619782135816?s=20<\/a><\/p>\n","protected":false},"excerpt":{"rendered":"2020 ha sido un a\u00f1o dif\u00edcil, la SG IILA Antonella Cavallari quiso recordarlo con una breve rese\u00f1a de lo que hicimos.Mirando con confianza a los nuevos desaf\u00edos, el equipo de IILA les desea FelicesFiestasEUROsociAL_ELPAcCTO Eurofront_UE https:\/\/twitter.com\/iila_org\/status\/1341728619782135816?s=20","protected":false},"author":1,"featured_media":0,"comment_status":"","ping_status":"","sticky":false,"template":"","format":"standard","meta":{"footnotes":""},"tags":[],"class_list":["post-1302","post","type-post","status-publish","format-standard","hentry"],"_links":{"self":[{"href":"https:\/\/ambmanagua.esteri.it\/it\/wp-json\/wp\/v2\/posts\/1302","targetHints":{"allow":["GET"]}}],"collection":[{"href":"https:\/\/ambmanagua.esteri.it\/it\/wp-json\/wp\/v2\/posts"}],"about":[{"href":"https:\/\/ambmanagua.esteri.it\/it\/wp-json\/wp\/v2\/types\/post"}],"author":[{"embeddable":true,"href":"https:\/\/ambmanagua.esteri.it\/it\/wp-json\/wp\/v2\/users\/1"}],"replies":[{"embeddable":true,"href":"https:\/\/ambmanagua.esteri.it\/it\/wp-json\/wp\/v2\/comments?post=1302"}],"version-history":[{"count":0,"href":"https:\/\/ambmanagua.esteri.it\/it\/wp-json\/wp\/v2\/posts\/1302\/revisions"}],"wp:attachment":[{"href":"https:\/\/ambmanagua.esteri.it\/it\/wp-json\/wp\/v2\/media?parent=1302"}],"wp:term":[{"taxonomy":"post_tag","embeddable":true,"href":"https:\/\/ambmanagua.esteri.it\/it\/wp-json\/wp\/v2\/tags?post=1302"}],"curies":[{"name":"wp","href":"https:\/\/api.w.org\/{rel}","templated":true}]}}