{"id":1319,"date":"2020-12-23T14:52:34","date_gmt":"2020-12-23T20:52:34","guid":{"rendered":"https:\/\/ambmanagua.esteri.it\/news\/dall_ambasciata\/2020\/12\/mensaje-de-la-delegacion-de-la\/"},"modified":"2020-12-23T14:52:34","modified_gmt":"2020-12-23T20:52:34","slug":"mensaje-de-la-delegacion-de-la","status":"publish","type":"post","link":"https:\/\/ambmanagua.esteri.it\/it\/news\/dall_ambasciata\/2020\/12\/mensaje-de-la-delegacion-de-la\/","title":{"rendered":"Mensaje de la Delegaci\u00f3n de la UE en Nicaragua y sus Estados Miembros en conmemoraci\u00f3n del D\u00eda Internacional de los DDHH"},"content":{"rendered":"<p style=\"text-align: center;\">Mensaje de la Delegaci\u00f3n de la UE en Nicaragua y sus Estados Miembros en conmemoraci\u00f3n del D\u00eda Internacional de los DDHH. Reafirmamos el compromiso de proteger, respetar y fomentar los DDHH.<\/p>\n<p style=\"text-align: center;\">\u00a0Ver video <a href=\"https:\/\/youtu.be\/6jRZu2z6Q5U\">https:\/\/youtu.be\/6jRZu2z6Q5U<\/a><br \/>UEporNicaragua HumanRightsDay EU4HumanRights<\/p>\n<p><iframe loading=\"lazy\" src=\"https:\/\/www.youtube.com\/embed\/6jRZu2z6Q5U\" frameborder=\"0\" width=\"560\" height=\"315\" allowfullscreen=\"allowfullscreen\" allow=\"accelerometer; autoplay; clipboard-write; encrypted-media; gyroscope; picture-in-picture\" style=\"display: block; margin-left: auto; margin-right: auto;\"><\/iframe><\/p>\n<p>\u00a0<\/p>\n","protected":false},"excerpt":{"rendered":"Mensaje de la Delegaci\u00f3n de la UE en Nicaragua y sus Estados Miembros en conmemoraci\u00f3n del D\u00eda Internacional de los DDHH. Reafirmamos el compromiso de proteger, respetar y fomentar los DDHH. \u00a0Ver video https:\/\/youtu.be\/6jRZu2z6Q5UUEporNicaragua HumanRightsDay EU4HumanRights \u00a0","protected":false},"author":1,"featured_media":0,"comment_status":"","ping_status":"","sticky":false,"template":"","format":"standard","meta":{"footnotes":""},"tags":[],"class_list":["post-1319","post","type-post","status-publish","format-standard","hentry"],"_links":{"self":[{"href":"https:\/\/ambmanagua.esteri.it\/it\/wp-json\/wp\/v2\/posts\/1319","targetHints":{"allow":["GET"]}}],"collection":[{"href":"https:\/\/ambmanagua.esteri.it\/it\/wp-json\/wp\/v2\/posts"}],"about":[{"href":"https:\/\/ambmanagua.esteri.it\/it\/wp-json\/wp\/v2\/types\/post"}],"author":[{"embeddable":true,"href":"https:\/\/ambmanagua.esteri.it\/it\/wp-json\/wp\/v2\/users\/1"}],"replies":[{"embeddable":true,"href":"https:\/\/ambmanagua.esteri.it\/it\/wp-json\/wp\/v2\/comments?post=1319"}],"version-history":[{"count":0,"href":"https:\/\/ambmanagua.esteri.it\/it\/wp-json\/wp\/v2\/posts\/1319\/revisions"}],"wp:attachment":[{"href":"https:\/\/ambmanagua.esteri.it\/it\/wp-json\/wp\/v2\/media?parent=1319"}],"wp:term":[{"taxonomy":"post_tag","embeddable":true,"href":"https:\/\/ambmanagua.esteri.it\/it\/wp-json\/wp\/v2\/tags?post=1319"}],"curies":[{"name":"wp","href":"https:\/\/api.w.org\/{rel}","templated":true}]}}