{"id":1384,"date":"2020-01-30T18:12:17","date_gmt":"2020-01-31T00:12:17","guid":{"rendered":"https:\/\/ambmanagua.esteri.it\/news\/dall_ambasciata\/2020\/01\/ruben-dario-e-l-italia-una-lunga\/"},"modified":"2020-01-30T18:12:17","modified_gmt":"2020-01-31T00:12:17","slug":"ruben-dario-e-l-italia-una-lunga","status":"publish","type":"post","link":"https:\/\/ambmanagua.esteri.it\/it\/news\/dall_ambasciata\/2020\/01\/ruben-dario-e-l-italia-una-lunga\/","title":{"rendered":"Rub\u00e9n Dar\u00edo e l\u2019Italia: una lunga storia di legami culturali tra il Bel Paese e Nicaragua"},"content":{"rendered":"<p><img decoding=\"async\" style=\"float: right;\" src=\"resource\/img\/2020\/01\/ruben_dario.jpg\" alt=\"ruben dario\" \/>Rub\u00e9n Dar\u00edo, celebre poeta nicaraguense, dedic\u00f2 parole molto belle all\u2019Italia nel suo diario di viaggio in occasione della visita nel nostro paese, che fu per lui una tappa importante di crescita artistica e spirituale e che am\u00f2 molto fin da subito. Anche a lui risalgono quindi i legami culturali che uniscono Italia e Nicaragua:<\/p>\n<p><em>\u201cPues Italia ha sido para mi esp\u00edritu una innata adoraci\u00f3n; as\u00ed, en su mismo nombre hay tanto de luz y de melod\u00eda&#8230; Bien vinieron siempre aqu\u00ed los peregrinos de la belleza de los cuatro puntos cardinales. Aqu\u00ed encuentran la dulce paz espiritual que trae consigo el contacto de las cosas consagradas por la divinidad del entendimiento, la visi\u00f3n de suaves paisajes, de incomparables firmamentos, de m\u00e1gicas auroras y ponientes prestigiosos, en que se revela una amorosa y rica naturaleza; la hospitalidad de una raza vivaz, de gentes que aman los cantos y las danzas que heredaron de seres primitivos y po\u00e9ticos que comunicaban con los n\u00famenes; y la contemplaci\u00f3n de m\u00e1rmoles divinos de hermosura, de bronces orgullosos de eternidad, de cuadros, de obras en que la perfecci\u00f3n ha acariciado el esfuerzo humano, conservadoras de figuras legendarias, de signos de grandeza&#8230; Bendita es para el poeta esta fecunda y fecundadora tierra\u201d<\/em><\/p>\n<p>Rub\u00e9n Dar\u00edo, Diario de Italia, in Obras completas, Madrid, Aguado, 1950.<\/p>\n<p>Nato il 18 gennaio 1867 a Metapa, F\u00e9lix Rub\u00e9n Garc\u00eda Sarmiento, meglio conosciuto come Rub\u00e9n Dar\u00edo, fu uno dei pi\u00f9 importanti esponenti del Modernismo nella letteratura ispanoamericana: poeta, giornalista e diplomatico, viaggi\u00f2 in Centro e Sud America e in Europa, scrivendo per diversi quotidiani e dedicandosi alla poesia, di cui \u201cAzul\u201d \u00e8 uno dei maggiori capolavori.<\/p>\n<p>Imagen: https:\/\/vianica.com\/go\/specials\/10-ruben-dario.html<\/p>\n","protected":false},"excerpt":{"rendered":"Rub\u00e9n Dar\u00edo, celebre poeta nicaraguense, dedic\u00f2 parole molto belle all\u2019Italia nel suo diario di viaggio in occasione della visita nel nostro paese, che fu per lui una tappa importante di crescita artistica e spirituale e che am\u00f2 molto fin da subito. Anche a lui risalgono quindi i legami culturali che uniscono Italia e Nicaragua: \u201cPues [&hellip;]","protected":false},"author":1,"featured_media":0,"comment_status":"","ping_status":"","sticky":false,"template":"","format":"standard","meta":{"footnotes":""},"tags":[],"class_list":["post-1384","post","type-post","status-publish","format-standard","hentry"],"_links":{"self":[{"href":"https:\/\/ambmanagua.esteri.it\/it\/wp-json\/wp\/v2\/posts\/1384","targetHints":{"allow":["GET"]}}],"collection":[{"href":"https:\/\/ambmanagua.esteri.it\/it\/wp-json\/wp\/v2\/posts"}],"about":[{"href":"https:\/\/ambmanagua.esteri.it\/it\/wp-json\/wp\/v2\/types\/post"}],"author":[{"embeddable":true,"href":"https:\/\/ambmanagua.esteri.it\/it\/wp-json\/wp\/v2\/users\/1"}],"replies":[{"embeddable":true,"href":"https:\/\/ambmanagua.esteri.it\/it\/wp-json\/wp\/v2\/comments?post=1384"}],"version-history":[{"count":0,"href":"https:\/\/ambmanagua.esteri.it\/it\/wp-json\/wp\/v2\/posts\/1384\/revisions"}],"wp:attachment":[{"href":"https:\/\/ambmanagua.esteri.it\/it\/wp-json\/wp\/v2\/media?parent=1384"}],"wp:term":[{"taxonomy":"post_tag","embeddable":true,"href":"https:\/\/ambmanagua.esteri.it\/it\/wp-json\/wp\/v2\/tags?post=1384"}],"curies":[{"name":"wp","href":"https:\/\/api.w.org\/{rel}","templated":true}]}}